{"id":5389,"date":"2016-02-22T10:09:48","date_gmt":"2016-02-22T09:09:48","guid":{"rendered":"https:\/\/historiaus.usz.edu.pl\/?p=5389"},"modified":"2016-07-13T12:42:18","modified_gmt":"2016-07-13T10:42:18","slug":"zak-wylecial-za-wlepke","status":"publish","type":"post","link":"https:\/\/historiaus.usz.edu.pl\/?p=5389","title":{"rendered":"\u017bak wylecia\u0142 za wlepk\u0119"},"content":{"rendered":"<p><a href=\"https:\/\/historiaus.usz.edu.pl\/wp-content\/uploads\/2016\/02\/gs.23.01.2016.jpg\"><img loading=\"lazy\" decoding=\"async\" class=\"alignnone wp-image-5390 size-medium\" src=\"https:\/\/historiaus.usz.edu.pl\/wp-content\/uploads\/2016\/02\/gs.23.01.2016-450x218.jpg\" alt=\"gs.23.01.2016\" width=\"450\" height=\"218\" srcset=\"https:\/\/historiaus.usz.edu.pl\/wp-content\/uploads\/2016\/02\/gs.23.01.2016-450x218.jpg 450w, https:\/\/historiaus.usz.edu.pl\/wp-content\/uploads\/2016\/02\/gs.23.01.2016-768x372.jpg 768w\" sizes=\"auto, (max-width: 450px) 100vw, 450px\" \/><\/a><\/p>\n","protected":false},"excerpt":{"rendered":"","protected":false},"author":5,"featured_media":0,"comment_status":"closed","ping_status":"closed","sticky":false,"template":"","format":"standard","meta":{"footnotes":""},"categories":[1484],"tags":[1760,2021,2618,2617],"subpage_bus":[86,56,1974],"class_list":["post-5389","post","type-post","status-publish","format-standard","hentry","category-uniwersytet-szczecinski","tag-akademik","tag-dr-anna-krolikowska","tag-homofobia","tag-rasizm","subpage_bus-sylwetki","subpage_bus-zycie-spoleczne","subpage_bus-zycie-studenckie"],"_links":{"self":[{"href":"https:\/\/historiaus.usz.edu.pl\/index.php?rest_route=\/wp\/v2\/posts\/5389","targetHints":{"allow":["GET"]}}],"collection":[{"href":"https:\/\/historiaus.usz.edu.pl\/index.php?rest_route=\/wp\/v2\/posts"}],"about":[{"href":"https:\/\/historiaus.usz.edu.pl\/index.php?rest_route=\/wp\/v2\/types\/post"}],"author":[{"embeddable":true,"href":"https:\/\/historiaus.usz.edu.pl\/index.php?rest_route=\/wp\/v2\/users\/5"}],"replies":[{"embeddable":true,"href":"https:\/\/historiaus.usz.edu.pl\/index.php?rest_route=%2Fwp%2Fv2%2Fcomments&post=5389"}],"version-history":[{"count":2,"href":"https:\/\/historiaus.usz.edu.pl\/index.php?rest_route=\/wp\/v2\/posts\/5389\/revisions"}],"predecessor-version":[{"id":7296,"href":"https:\/\/historiaus.usz.edu.pl\/index.php?rest_route=\/wp\/v2\/posts\/5389\/revisions\/7296"}],"wp:attachment":[{"href":"https:\/\/historiaus.usz.edu.pl\/index.php?rest_route=%2Fwp%2Fv2%2Fmedia&parent=5389"}],"wp:term":[{"taxonomy":"category","embeddable":true,"href":"https:\/\/historiaus.usz.edu.pl\/index.php?rest_route=%2Fwp%2Fv2%2Fcategories&post=5389"},{"taxonomy":"post_tag","embeddable":true,"href":"https:\/\/historiaus.usz.edu.pl\/index.php?rest_route=%2Fwp%2Fv2%2Ftags&post=5389"},{"taxonomy":"subpage_bus","embeddable":true,"href":"https:\/\/historiaus.usz.edu.pl\/index.php?rest_route=%2Fwp%2Fv2%2Fsubpage_bus&post=5389"}],"curies":[{"name":"wp","href":"https:\/\/api.w.org\/{rel}","templated":true}]}}