{"id":5683,"date":"2016-03-10T08:15:31","date_gmt":"2016-03-10T07:15:31","guid":{"rendered":"https:\/\/historiaus.usz.edu.pl\/?p=5683"},"modified":"2016-07-12T12:54:47","modified_gmt":"2016-07-12T10:54:47","slug":"emigranci-czy-uchodzcy-kogo-przyjac-do-polski","status":"publish","type":"post","link":"https:\/\/historiaus.usz.edu.pl\/?p=5683","title":{"rendered":"Emigranci czy uchod\u017acy: kogo przyj\u0105\u0107 do Polski"},"content":{"rendered":"<p><a href=\"https:\/\/historiaus.usz.edu.pl\/wp-content\/uploads\/2016\/03\/2016-03-10-08.04.29.jpg\"><img loading=\"lazy\" decoding=\"async\" class=\"alignnone wp-image-5684 size-medium\" src=\"https:\/\/historiaus.usz.edu.pl\/wp-content\/uploads\/2016\/03\/2016-03-10-08.04.29-341x300.jpg\" alt=\"2016-03-10 08.04.29\" width=\"341\" height=\"300\" srcset=\"https:\/\/historiaus.usz.edu.pl\/wp-content\/uploads\/2016\/03\/2016-03-10-08.04.29-341x300.jpg 341w, https:\/\/historiaus.usz.edu.pl\/wp-content\/uploads\/2016\/03\/2016-03-10-08.04.29-768x676.jpg 768w\" sizes=\"auto, (max-width: 341px) 100vw, 341px\" \/><\/a><\/p>\n<p><a href=\"https:\/\/historiaus.usz.edu.pl\/wp-content\/uploads\/2016\/03\/2016-03-10-08.03.37.jpg\"><img loading=\"lazy\" decoding=\"async\" class=\"alignnone wp-image-5686 size-medium\" src=\"https:\/\/historiaus.usz.edu.pl\/wp-content\/uploads\/2016\/03\/2016-03-10-08.03.37-450x300.jpg\" alt=\"2016-03-10 08.03.37\" width=\"450\" height=\"300\" srcset=\"https:\/\/historiaus.usz.edu.pl\/wp-content\/uploads\/2016\/03\/2016-03-10-08.03.37-450x300.jpg 450w, https:\/\/historiaus.usz.edu.pl\/wp-content\/uploads\/2016\/03\/2016-03-10-08.03.37-768x510.jpg 768w\" sizes=\"auto, (max-width: 450px) 100vw, 450px\" \/><\/a><\/p>\n","protected":false},"excerpt":{"rendered":"","protected":false},"author":6,"featured_media":0,"comment_status":"closed","ping_status":"closed","sticky":false,"template":"","format":"standard","meta":{"footnotes":""},"categories":[1484,70],"tags":[2711,2712,2146,136],"subpage_bus":[56,59],"class_list":["post-5683","post","type-post","status-publish","format-standard","hentry","category-uniwersytet-szczecinski","category-wydzial-humanistyczny","tag-emigranci","tag-prof-dr-hab-barbara-kromolicka","tag-uchodzcy","tag-wspolpraca","subpage_bus-zycie-spoleczne","subpage_bus-zycie-spoleczne-i-polityczne"],"_links":{"self":[{"href":"https:\/\/historiaus.usz.edu.pl\/index.php?rest_route=\/wp\/v2\/posts\/5683","targetHints":{"allow":["GET"]}}],"collection":[{"href":"https:\/\/historiaus.usz.edu.pl\/index.php?rest_route=\/wp\/v2\/posts"}],"about":[{"href":"https:\/\/historiaus.usz.edu.pl\/index.php?rest_route=\/wp\/v2\/types\/post"}],"author":[{"embeddable":true,"href":"https:\/\/historiaus.usz.edu.pl\/index.php?rest_route=\/wp\/v2\/users\/6"}],"replies":[{"embeddable":true,"href":"https:\/\/historiaus.usz.edu.pl\/index.php?rest_route=%2Fwp%2Fv2%2Fcomments&post=5683"}],"version-history":[{"count":4,"href":"https:\/\/historiaus.usz.edu.pl\/index.php?rest_route=\/wp\/v2\/posts\/5683\/revisions"}],"predecessor-version":[{"id":7207,"href":"https:\/\/historiaus.usz.edu.pl\/index.php?rest_route=\/wp\/v2\/posts\/5683\/revisions\/7207"}],"wp:attachment":[{"href":"https:\/\/historiaus.usz.edu.pl\/index.php?rest_route=%2Fwp%2Fv2%2Fmedia&parent=5683"}],"wp:term":[{"taxonomy":"category","embeddable":true,"href":"https:\/\/historiaus.usz.edu.pl\/index.php?rest_route=%2Fwp%2Fv2%2Fcategories&post=5683"},{"taxonomy":"post_tag","embeddable":true,"href":"https:\/\/historiaus.usz.edu.pl\/index.php?rest_route=%2Fwp%2Fv2%2Ftags&post=5683"},{"taxonomy":"subpage_bus","embeddable":true,"href":"https:\/\/historiaus.usz.edu.pl\/index.php?rest_route=%2Fwp%2Fv2%2Fsubpage_bus&post=5683"}],"curies":[{"name":"wp","href":"https:\/\/api.w.org\/{rel}","templated":true}]}}