{"id":5688,"date":"2016-03-11T08:50:16","date_gmt":"2016-03-11T07:50:16","guid":{"rendered":"https:\/\/historiaus.usz.edu.pl\/?p=5688"},"modified":"2016-07-12T12:51:39","modified_gmt":"2016-07-12T10:51:39","slug":"uchodzcy-zagrozeniem-dla-europy-tak-uwaza-spora-czesc-uczestnikow-debaty","status":"publish","type":"post","link":"https:\/\/historiaus.usz.edu.pl\/?p=5688","title":{"rendered":"Uchod\u017acy zagro\u017ceniem dla Europy &#8211; tak uwa\u017ca spora cz\u0119\u015b\u0107 uczestnik\u00f3w debaty"},"content":{"rendered":"<p><a href=\"https:\/\/historiaus.usz.edu.pl\/wp-content\/uploads\/2016\/03\/2016-03-11-08.44.16.jpg\"><img loading=\"lazy\" decoding=\"async\" class=\"alignnone wp-image-5689 size-medium\" src=\"https:\/\/historiaus.usz.edu.pl\/wp-content\/uploads\/2016\/03\/2016-03-11-08.44.16-448x300.jpg\" alt=\"2016-03-11 08.44.16\" width=\"448\" height=\"300\" srcset=\"https:\/\/historiaus.usz.edu.pl\/wp-content\/uploads\/2016\/03\/2016-03-11-08.44.16-448x300.jpg 448w, https:\/\/historiaus.usz.edu.pl\/wp-content\/uploads\/2016\/03\/2016-03-11-08.44.16-768x515.jpg 768w\" sizes=\"auto, (max-width: 448px) 100vw, 448px\" \/><\/a><\/p>\n<p><a href=\"https:\/\/historiaus.usz.edu.pl\/wp-content\/uploads\/2016\/03\/2016-03-11-08.36.38.jpg\"><img loading=\"lazy\" decoding=\"async\" class=\"alignnone wp-image-5690 size-medium\" src=\"https:\/\/historiaus.usz.edu.pl\/wp-content\/uploads\/2016\/03\/2016-03-11-08.36.38-260x300.jpg\" alt=\"2016-03-11 08.36.38\" width=\"260\" height=\"300\" srcset=\"https:\/\/historiaus.usz.edu.pl\/wp-content\/uploads\/2016\/03\/2016-03-11-08.36.38-260x300.jpg 260w, https:\/\/historiaus.usz.edu.pl\/wp-content\/uploads\/2016\/03\/2016-03-11-08.36.38-768x886.jpg 768w, https:\/\/historiaus.usz.edu.pl\/wp-content\/uploads\/2016\/03\/2016-03-11-08.36.38.jpg 2030w\" sizes=\"auto, (max-width: 260px) 100vw, 260px\" \/><\/a><\/p>\n","protected":false},"excerpt":{"rendered":"","protected":false},"author":6,"featured_media":0,"comment_status":"closed","ping_status":"closed","sticky":false,"template":"","format":"standard","meta":{"footnotes":""},"categories":[70],"tags":[220,2146],"subpage_bus":[58,56],"class_list":["post-5688","post","type-post","status-publish","format-standard","hentry","category-wydzial-humanistyczny","tag-debata","tag-uchodzcy","subpage_bus-sprawy-socjalne-i-polityczne","subpage_bus-zycie-spoleczne"],"_links":{"self":[{"href":"https:\/\/historiaus.usz.edu.pl\/index.php?rest_route=\/wp\/v2\/posts\/5688","targetHints":{"allow":["GET"]}}],"collection":[{"href":"https:\/\/historiaus.usz.edu.pl\/index.php?rest_route=\/wp\/v2\/posts"}],"about":[{"href":"https:\/\/historiaus.usz.edu.pl\/index.php?rest_route=\/wp\/v2\/types\/post"}],"author":[{"embeddable":true,"href":"https:\/\/historiaus.usz.edu.pl\/index.php?rest_route=\/wp\/v2\/users\/6"}],"replies":[{"embeddable":true,"href":"https:\/\/historiaus.usz.edu.pl\/index.php?rest_route=%2Fwp%2Fv2%2Fcomments&post=5688"}],"version-history":[{"count":3,"href":"https:\/\/historiaus.usz.edu.pl\/index.php?rest_route=\/wp\/v2\/posts\/5688\/revisions"}],"predecessor-version":[{"id":7205,"href":"https:\/\/historiaus.usz.edu.pl\/index.php?rest_route=\/wp\/v2\/posts\/5688\/revisions\/7205"}],"wp:attachment":[{"href":"https:\/\/historiaus.usz.edu.pl\/index.php?rest_route=%2Fwp%2Fv2%2Fmedia&parent=5688"}],"wp:term":[{"taxonomy":"category","embeddable":true,"href":"https:\/\/historiaus.usz.edu.pl\/index.php?rest_route=%2Fwp%2Fv2%2Fcategories&post=5688"},{"taxonomy":"post_tag","embeddable":true,"href":"https:\/\/historiaus.usz.edu.pl\/index.php?rest_route=%2Fwp%2Fv2%2Ftags&post=5688"},{"taxonomy":"subpage_bus","embeddable":true,"href":"https:\/\/historiaus.usz.edu.pl\/index.php?rest_route=%2Fwp%2Fv2%2Fsubpage_bus&post=5688"}],"curies":[{"name":"wp","href":"https:\/\/api.w.org\/{rel}","templated":true}]}}