{"id":5741,"date":"2016-03-24T12:06:59","date_gmt":"2016-03-24T11:06:59","guid":{"rendered":"https:\/\/historiaus.usz.edu.pl\/?p=5741"},"modified":"2016-07-12T09:57:55","modified_gmt":"2016-07-12T07:57:55","slug":"piekna-szczecinska-ksiazka","status":"publish","type":"post","link":"https:\/\/historiaus.usz.edu.pl\/?p=5741","title":{"rendered":"Pi\u0119kna szczeci\u0144ska ksi\u0105\u017cka"},"content":{"rendered":"<p><a href=\"https:\/\/historiaus.usz.edu.pl\/wp-content\/uploads\/2016\/03\/piekna-szczecinska-ksiazka.jpg\"><img loading=\"lazy\" decoding=\"async\" class=\"alignnone wp-image-5742 size-medium\" src=\"https:\/\/historiaus.usz.edu.pl\/wp-content\/uploads\/2016\/03\/piekna-szczecinska-ksiazka-166x300.jpg\" alt=\"piekna szczecinska ksiazka\" width=\"166\" height=\"300\" srcset=\"https:\/\/historiaus.usz.edu.pl\/wp-content\/uploads\/2016\/03\/piekna-szczecinska-ksiazka-166x300.jpg 166w, https:\/\/historiaus.usz.edu.pl\/wp-content\/uploads\/2016\/03\/piekna-szczecinska-ksiazka-768x1384.jpg 768w, https:\/\/historiaus.usz.edu.pl\/wp-content\/uploads\/2016\/03\/piekna-szczecinska-ksiazka.jpg 1206w\" sizes=\"auto, (max-width: 166px) 100vw, 166px\" \/><\/a><\/p>\n","protected":false},"excerpt":{"rendered":"","protected":false},"author":7,"featured_media":0,"comment_status":"closed","ping_status":"closed","sticky":false,"template":"","format":"standard","meta":{"footnotes":""},"categories":[1378],"tags":[242,1624,2730],"subpage_bus":[60,47,51,50,56],"class_list":["post-5741","post","type-post","status-publish","format-standard","hentry","category-wydawnictwo-naukowe","tag-ksiazka","tag-nagroda","tag-wroclawskie-targi-ksiazki-naukowej","subpage_bus-kultura","subpage_bus-nauka","subpage_bus-nominacje-nagrody","subpage_bus-publikacje-wyklady-pracownikow-wypowiedzi-opinie-polemiki-udzial-w-imprezach","subpage_bus-zycie-spoleczne"],"_links":{"self":[{"href":"https:\/\/historiaus.usz.edu.pl\/index.php?rest_route=\/wp\/v2\/posts\/5741","targetHints":{"allow":["GET"]}}],"collection":[{"href":"https:\/\/historiaus.usz.edu.pl\/index.php?rest_route=\/wp\/v2\/posts"}],"about":[{"href":"https:\/\/historiaus.usz.edu.pl\/index.php?rest_route=\/wp\/v2\/types\/post"}],"author":[{"embeddable":true,"href":"https:\/\/historiaus.usz.edu.pl\/index.php?rest_route=\/wp\/v2\/users\/7"}],"replies":[{"embeddable":true,"href":"https:\/\/historiaus.usz.edu.pl\/index.php?rest_route=%2Fwp%2Fv2%2Fcomments&post=5741"}],"version-history":[{"count":2,"href":"https:\/\/historiaus.usz.edu.pl\/index.php?rest_route=\/wp\/v2\/posts\/5741\/revisions"}],"predecessor-version":[{"id":7189,"href":"https:\/\/historiaus.usz.edu.pl\/index.php?rest_route=\/wp\/v2\/posts\/5741\/revisions\/7189"}],"wp:attachment":[{"href":"https:\/\/historiaus.usz.edu.pl\/index.php?rest_route=%2Fwp%2Fv2%2Fmedia&parent=5741"}],"wp:term":[{"taxonomy":"category","embeddable":true,"href":"https:\/\/historiaus.usz.edu.pl\/index.php?rest_route=%2Fwp%2Fv2%2Fcategories&post=5741"},{"taxonomy":"post_tag","embeddable":true,"href":"https:\/\/historiaus.usz.edu.pl\/index.php?rest_route=%2Fwp%2Fv2%2Ftags&post=5741"},{"taxonomy":"subpage_bus","embeddable":true,"href":"https:\/\/historiaus.usz.edu.pl\/index.php?rest_route=%2Fwp%2Fv2%2Fsubpage_bus&post=5741"}],"curies":[{"name":"wp","href":"https:\/\/api.w.org\/{rel}","templated":true}]}}