{"id":5858,"date":"2016-04-11T11:01:06","date_gmt":"2016-04-11T09:01:06","guid":{"rendered":"https:\/\/historiaus.usz.edu.pl\/?p=5858"},"modified":"2016-07-11T11:46:07","modified_gmt":"2016-07-11T09:46:07","slug":"studenci-lacza-sie-w-ogolnopolskim-protescie","status":"publish","type":"post","link":"https:\/\/historiaus.usz.edu.pl\/?p=5858","title":{"rendered":"Studenci \u0142\u0105cz\u0105 si\u0119 w og\u00f3lnopolskim prote\u015bcie"},"content":{"rendered":"<p><a href=\"https:\/\/historiaus.usz.edu.pl\/wp-content\/uploads\/2016\/04\/GS-01.12.12.jpg\"><img loading=\"lazy\" decoding=\"async\" class=\"alignnone wp-image-5859 size-medium\" src=\"https:\/\/historiaus.usz.edu.pl\/wp-content\/uploads\/2016\/04\/GS-01.12.12-89x300.jpg\" alt=\"GS 01.12.12\" width=\"89\" height=\"300\" srcset=\"https:\/\/historiaus.usz.edu.pl\/wp-content\/uploads\/2016\/04\/GS-01.12.12-89x300.jpg 89w, https:\/\/historiaus.usz.edu.pl\/wp-content\/uploads\/2016\/04\/GS-01.12.12.jpg 568w\" sizes=\"auto, (max-width: 89px) 100vw, 89px\" \/><\/a><\/p>\n","protected":false},"excerpt":{"rendered":"","protected":false},"author":5,"featured_media":0,"comment_status":"closed","ping_status":"closed","sticky":false,"template":"","format":"standard","meta":{"footnotes":""},"categories":[1484],"tags":[2752,2184],"subpage_bus":[2361,56,59,1974],"class_list":["post-5858","post","type-post","status-publish","format-standard","hentry","category-uniwersytet-szczecinski","tag-nzs","tag-ulgi","subpage_bus-sprawy-socjalne","subpage_bus-zycie-spoleczne","subpage_bus-zycie-spoleczne-i-polityczne","subpage_bus-zycie-studenckie"],"_links":{"self":[{"href":"https:\/\/historiaus.usz.edu.pl\/index.php?rest_route=\/wp\/v2\/posts\/5858","targetHints":{"allow":["GET"]}}],"collection":[{"href":"https:\/\/historiaus.usz.edu.pl\/index.php?rest_route=\/wp\/v2\/posts"}],"about":[{"href":"https:\/\/historiaus.usz.edu.pl\/index.php?rest_route=\/wp\/v2\/types\/post"}],"author":[{"embeddable":true,"href":"https:\/\/historiaus.usz.edu.pl\/index.php?rest_route=\/wp\/v2\/users\/5"}],"replies":[{"embeddable":true,"href":"https:\/\/historiaus.usz.edu.pl\/index.php?rest_route=%2Fwp%2Fv2%2Fcomments&post=5858"}],"version-history":[{"count":2,"href":"https:\/\/historiaus.usz.edu.pl\/index.php?rest_route=\/wp\/v2\/posts\/5858\/revisions"}],"predecessor-version":[{"id":7153,"href":"https:\/\/historiaus.usz.edu.pl\/index.php?rest_route=\/wp\/v2\/posts\/5858\/revisions\/7153"}],"wp:attachment":[{"href":"https:\/\/historiaus.usz.edu.pl\/index.php?rest_route=%2Fwp%2Fv2%2Fmedia&parent=5858"}],"wp:term":[{"taxonomy":"category","embeddable":true,"href":"https:\/\/historiaus.usz.edu.pl\/index.php?rest_route=%2Fwp%2Fv2%2Fcategories&post=5858"},{"taxonomy":"post_tag","embeddable":true,"href":"https:\/\/historiaus.usz.edu.pl\/index.php?rest_route=%2Fwp%2Fv2%2Ftags&post=5858"},{"taxonomy":"subpage_bus","embeddable":true,"href":"https:\/\/historiaus.usz.edu.pl\/index.php?rest_route=%2Fwp%2Fv2%2Fsubpage_bus&post=5858"}],"curies":[{"name":"wp","href":"https:\/\/api.w.org\/{rel}","templated":true}]}}