{"id":6291,"date":"2016-05-10T11:20:18","date_gmt":"2016-05-10T09:20:18","guid":{"rendered":"https:\/\/historiaus.usz.edu.pl\/?p=6291"},"modified":"2016-07-07T12:48:03","modified_gmt":"2016-07-07T10:48:03","slug":"koreanczycy-strasza-wojna","status":"publish","type":"post","link":"https:\/\/historiaus.usz.edu.pl\/?p=6291","title":{"rendered":"Korea\u0144czycy strasz\u0105 wojn\u0105"},"content":{"rendered":"<p><a href=\"https:\/\/historiaus.usz.edu.pl\/wp-content\/uploads\/2016\/05\/2gs.21.05.2010.jpg\"><img loading=\"lazy\" decoding=\"async\" class=\"alignnone wp-image-6292 size-medium\" src=\"https:\/\/historiaus.usz.edu.pl\/wp-content\/uploads\/2016\/05\/2gs.21.05.2010-450x200.jpg\" alt=\"2gs.21.05.2010\" width=\"450\" height=\"200\" srcset=\"https:\/\/historiaus.usz.edu.pl\/wp-content\/uploads\/2016\/05\/2gs.21.05.2010-450x200.jpg 450w, https:\/\/historiaus.usz.edu.pl\/wp-content\/uploads\/2016\/05\/2gs.21.05.2010-768x342.jpg 768w\" sizes=\"auto, (max-width: 450px) 100vw, 450px\" \/><\/a><\/p>\n","protected":false},"excerpt":{"rendered":"","protected":false},"author":5,"featured_media":0,"comment_status":"closed","ping_status":"closed","sticky":false,"template":"","format":"standard","meta":{"footnotes":""},"categories":[2336,70,2337],"tags":[1334,2883,83,173],"subpage_bus":[86,343,56,59],"class_list":["post-6291","post","type-post","status-publish","format-standard","hentry","category-instytut-politologii-i-europeistyki-wydzial-humanistyczny","category-wydzial-humanistyczny","category-zaklad-komunikacji-spolecznej-instytut-politologii-i-europeistyki-wydzial-humanistyczny","tag-dr-krzysztof-kowalczyk","tag-korea-polnocna","tag-polityka","tag-wojna","subpage_bus-sylwetki","subpage_bus-wywiad","subpage_bus-zycie-spoleczne","subpage_bus-zycie-spoleczne-i-polityczne"],"_links":{"self":[{"href":"https:\/\/historiaus.usz.edu.pl\/index.php?rest_route=\/wp\/v2\/posts\/6291","targetHints":{"allow":["GET"]}}],"collection":[{"href":"https:\/\/historiaus.usz.edu.pl\/index.php?rest_route=\/wp\/v2\/posts"}],"about":[{"href":"https:\/\/historiaus.usz.edu.pl\/index.php?rest_route=\/wp\/v2\/types\/post"}],"author":[{"embeddable":true,"href":"https:\/\/historiaus.usz.edu.pl\/index.php?rest_route=\/wp\/v2\/users\/5"}],"replies":[{"embeddable":true,"href":"https:\/\/historiaus.usz.edu.pl\/index.php?rest_route=%2Fwp%2Fv2%2Fcomments&post=6291"}],"version-history":[{"count":2,"href":"https:\/\/historiaus.usz.edu.pl\/index.php?rest_route=\/wp\/v2\/posts\/6291\/revisions"}],"predecessor-version":[{"id":7018,"href":"https:\/\/historiaus.usz.edu.pl\/index.php?rest_route=\/wp\/v2\/posts\/6291\/revisions\/7018"}],"wp:attachment":[{"href":"https:\/\/historiaus.usz.edu.pl\/index.php?rest_route=%2Fwp%2Fv2%2Fmedia&parent=6291"}],"wp:term":[{"taxonomy":"category","embeddable":true,"href":"https:\/\/historiaus.usz.edu.pl\/index.php?rest_route=%2Fwp%2Fv2%2Fcategories&post=6291"},{"taxonomy":"post_tag","embeddable":true,"href":"https:\/\/historiaus.usz.edu.pl\/index.php?rest_route=%2Fwp%2Fv2%2Ftags&post=6291"},{"taxonomy":"subpage_bus","embeddable":true,"href":"https:\/\/historiaus.usz.edu.pl\/index.php?rest_route=%2Fwp%2Fv2%2Fsubpage_bus&post=6291"}],"curies":[{"name":"wp","href":"https:\/\/api.w.org\/{rel}","templated":true}]}}