{"id":6383,"date":"2016-05-18T12:12:32","date_gmt":"2016-05-18T10:12:32","guid":{"rendered":"https:\/\/historiaus.usz.edu.pl\/?p=6383"},"modified":"2016-07-07T09:16:59","modified_gmt":"2016-07-07T07:16:59","slug":"w-europie-trzeba-wrocic-do-fundamentow-ekonomii","status":"publish","type":"post","link":"https:\/\/historiaus.usz.edu.pl\/?p=6383","title":{"rendered":"W Europie trzeba wr\u00f3ci\u0107 do fundament\u00f3w ekonomii"},"content":{"rendered":"<p><a href=\"https:\/\/historiaus.usz.edu.pl\/wp-content\/uploads\/2016\/05\/gs.11.08.2010..jpg\"><img loading=\"lazy\" decoding=\"async\" class=\"alignnone wp-image-6384 size-medium\" src=\"https:\/\/historiaus.usz.edu.pl\/wp-content\/uploads\/2016\/05\/gs.11.08.2010.-450x290.jpg\" alt=\"gs.11.08.2010.\" width=\"450\" height=\"290\" srcset=\"https:\/\/historiaus.usz.edu.pl\/wp-content\/uploads\/2016\/05\/gs.11.08.2010.-450x290.jpg 450w, https:\/\/historiaus.usz.edu.pl\/wp-content\/uploads\/2016\/05\/gs.11.08.2010.-768x494.jpg 768w\" sizes=\"auto, (max-width: 450px) 100vw, 450px\" \/><\/a><\/p>\n","protected":false},"excerpt":{"rendered":"","protected":false},"author":5,"featured_media":0,"comment_status":"closed","ping_status":"closed","sticky":false,"template":"","format":"standard","meta":{"footnotes":""},"categories":[2061,177],"tags":[175,108,2903],"subpage_bus":[86,56,59],"class_list":["post-6383","post","type-post","status-publish","format-standard","hentry","category-katedra-inwestycji-i-wyceny-przedsiebiorstw-wydzial-nauk-ekonomicznych-i-zarzadzania","category-wydzial-nauk-ekonomicznych-i-zarzadzania","tag-dr-hab-dariusz-zarzecki","tag-ekonomia","tag-kryzys","subpage_bus-sylwetki","subpage_bus-zycie-spoleczne","subpage_bus-zycie-spoleczne-i-polityczne"],"_links":{"self":[{"href":"https:\/\/historiaus.usz.edu.pl\/index.php?rest_route=\/wp\/v2\/posts\/6383","targetHints":{"allow":["GET"]}}],"collection":[{"href":"https:\/\/historiaus.usz.edu.pl\/index.php?rest_route=\/wp\/v2\/posts"}],"about":[{"href":"https:\/\/historiaus.usz.edu.pl\/index.php?rest_route=\/wp\/v2\/types\/post"}],"author":[{"embeddable":true,"href":"https:\/\/historiaus.usz.edu.pl\/index.php?rest_route=\/wp\/v2\/users\/5"}],"replies":[{"embeddable":true,"href":"https:\/\/historiaus.usz.edu.pl\/index.php?rest_route=%2Fwp%2Fv2%2Fcomments&post=6383"}],"version-history":[{"count":2,"href":"https:\/\/historiaus.usz.edu.pl\/index.php?rest_route=\/wp\/v2\/posts\/6383\/revisions"}],"predecessor-version":[{"id":6989,"href":"https:\/\/historiaus.usz.edu.pl\/index.php?rest_route=\/wp\/v2\/posts\/6383\/revisions\/6989"}],"wp:attachment":[{"href":"https:\/\/historiaus.usz.edu.pl\/index.php?rest_route=%2Fwp%2Fv2%2Fmedia&parent=6383"}],"wp:term":[{"taxonomy":"category","embeddable":true,"href":"https:\/\/historiaus.usz.edu.pl\/index.php?rest_route=%2Fwp%2Fv2%2Fcategories&post=6383"},{"taxonomy":"post_tag","embeddable":true,"href":"https:\/\/historiaus.usz.edu.pl\/index.php?rest_route=%2Fwp%2Fv2%2Ftags&post=6383"},{"taxonomy":"subpage_bus","embeddable":true,"href":"https:\/\/historiaus.usz.edu.pl\/index.php?rest_route=%2Fwp%2Fv2%2Fsubpage_bus&post=6383"}],"curies":[{"name":"wp","href":"https:\/\/api.w.org\/{rel}","templated":true}]}}