{"id":6552,"date":"2016-05-30T09:11:49","date_gmt":"2016-05-30T07:11:49","guid":{"rendered":"https:\/\/historiaus.usz.edu.pl\/?p=6552"},"modified":"2016-07-06T13:13:38","modified_gmt":"2016-07-06T11:13:38","slug":"szczecinskie-akademiki-sa-juz-pelne-studentow","status":"publish","type":"post","link":"https:\/\/historiaus.usz.edu.pl\/?p=6552","title":{"rendered":"Szczeci\u0144skie akademiki s\u0105 ju\u017c pe\u0142ne student\u00f3w"},"content":{"rendered":"<p><a href=\"https:\/\/historiaus.usz.edu.pl\/wp-content\/uploads\/2016\/05\/gs.24.09.2009.jpg\"><img loading=\"lazy\" decoding=\"async\" class=\"alignnone wp-image-6553 size-medium\" src=\"https:\/\/historiaus.usz.edu.pl\/wp-content\/uploads\/2016\/05\/gs.24.09.2009-162x300.jpg\" alt=\"gs.24.09.2009\" width=\"162\" height=\"300\" srcset=\"https:\/\/historiaus.usz.edu.pl\/wp-content\/uploads\/2016\/05\/gs.24.09.2009-162x300.jpg 162w, https:\/\/historiaus.usz.edu.pl\/wp-content\/uploads\/2016\/05\/gs.24.09.2009-768x1425.jpg 768w, https:\/\/historiaus.usz.edu.pl\/wp-content\/uploads\/2016\/05\/gs.24.09.2009.jpg 1091w\" sizes=\"auto, (max-width: 162px) 100vw, 162px\" \/><\/a><\/p>\n","protected":false},"excerpt":{"rendered":"","protected":false},"author":5,"featured_media":0,"comment_status":"closed","ping_status":"closed","sticky":false,"template":"","format":"standard","meta":{"footnotes":""},"categories":[1484],"tags":[413,2944,141],"subpage_bus":[52,53,2361,114,86,343,56,1974],"class_list":["post-6552","post","type-post","status-publish","format-standard","hentry","category-uniwersytet-szczecinski","tag-akademiki","tag-magdalena-gardas","tag-studenci","subpage_bus-dydaktyka","subpage_bus-inauguracja-roku-akademickiego","subpage_bus-sprawy-socjalne","subpage_bus-sprawy-socjalne-prace-spoleczne","subpage_bus-sylwetki","subpage_bus-wywiad","subpage_bus-zycie-spoleczne","subpage_bus-zycie-studenckie"],"_links":{"self":[{"href":"https:\/\/historiaus.usz.edu.pl\/index.php?rest_route=\/wp\/v2\/posts\/6552","targetHints":{"allow":["GET"]}}],"collection":[{"href":"https:\/\/historiaus.usz.edu.pl\/index.php?rest_route=\/wp\/v2\/posts"}],"about":[{"href":"https:\/\/historiaus.usz.edu.pl\/index.php?rest_route=\/wp\/v2\/types\/post"}],"author":[{"embeddable":true,"href":"https:\/\/historiaus.usz.edu.pl\/index.php?rest_route=\/wp\/v2\/users\/5"}],"replies":[{"embeddable":true,"href":"https:\/\/historiaus.usz.edu.pl\/index.php?rest_route=%2Fwp%2Fv2%2Fcomments&post=6552"}],"version-history":[{"count":2,"href":"https:\/\/historiaus.usz.edu.pl\/index.php?rest_route=\/wp\/v2\/posts\/6552\/revisions"}],"predecessor-version":[{"id":6934,"href":"https:\/\/historiaus.usz.edu.pl\/index.php?rest_route=\/wp\/v2\/posts\/6552\/revisions\/6934"}],"wp:attachment":[{"href":"https:\/\/historiaus.usz.edu.pl\/index.php?rest_route=%2Fwp%2Fv2%2Fmedia&parent=6552"}],"wp:term":[{"taxonomy":"category","embeddable":true,"href":"https:\/\/historiaus.usz.edu.pl\/index.php?rest_route=%2Fwp%2Fv2%2Fcategories&post=6552"},{"taxonomy":"post_tag","embeddable":true,"href":"https:\/\/historiaus.usz.edu.pl\/index.php?rest_route=%2Fwp%2Fv2%2Ftags&post=6552"},{"taxonomy":"subpage_bus","embeddable":true,"href":"https:\/\/historiaus.usz.edu.pl\/index.php?rest_route=%2Fwp%2Fv2%2Fsubpage_bus&post=6552"}],"curies":[{"name":"wp","href":"https:\/\/api.w.org\/{rel}","templated":true}]}}