{"id":6628,"date":"2016-06-08T13:22:38","date_gmt":"2016-06-08T11:22:38","guid":{"rendered":"https:\/\/historiaus.usz.edu.pl\/?p=6628"},"modified":"2016-07-06T12:34:02","modified_gmt":"2016-07-06T10:34:02","slug":"upiekszanie-starego-miasta-wszyscy-chca-nikt-nie-moze","status":"publish","type":"post","link":"https:\/\/historiaus.usz.edu.pl\/?p=6628","title":{"rendered":"Upi\u0119kszanie Starego Miasta &#8211; wszyscy chc\u0105, nikt nie mo\u017ce"},"content":{"rendered":"<p><img loading=\"lazy\" decoding=\"async\" class=\"alignnone size-medium wp-image-6629\" src=\"https:\/\/historiaus.usz.edu.pl\/wp-content\/uploads\/2016\/06\/gs.13.10.2009-1-450x133.jpg\" alt=\"gs.13.10.2009-1\" width=\"450\" height=\"133\" srcset=\"https:\/\/historiaus.usz.edu.pl\/wp-content\/uploads\/2016\/06\/gs.13.10.2009-1-450x133.jpg 450w, https:\/\/historiaus.usz.edu.pl\/wp-content\/uploads\/2016\/06\/gs.13.10.2009-1-768x227.jpg 768w\" sizes=\"auto, (max-width: 450px) 100vw, 450px\" \/><a href=\"https:\/\/historiaus.usz.edu.pl\/wp-content\/uploads\/2016\/06\/gs.13.10.2009-2.jpg\"><img loading=\"lazy\" decoding=\"async\" class=\"alignnone wp-image-6630 size-medium\" src=\"https:\/\/historiaus.usz.edu.pl\/wp-content\/uploads\/2016\/06\/gs.13.10.2009-2-450x297.jpg\" alt=\"gs.13.10.2009-2\" width=\"450\" height=\"297\" srcset=\"https:\/\/historiaus.usz.edu.pl\/wp-content\/uploads\/2016\/06\/gs.13.10.2009-2-450x297.jpg 450w, https:\/\/historiaus.usz.edu.pl\/wp-content\/uploads\/2016\/06\/gs.13.10.2009-2-768x506.jpg 768w\" sizes=\"auto, (max-width: 450px) 100vw, 450px\" \/><\/a><\/p>\n","protected":false},"excerpt":{"rendered":"","protected":false},"author":5,"featured_media":0,"comment_status":"closed","ping_status":"closed","sticky":false,"template":"","format":"standard","meta":{"footnotes":""},"categories":[1484,177],"tags":[1672,2975],"subpage_bus":[86,56],"class_list":["post-6628","post","type-post","status-publish","format-standard","hentry","category-uniwersytet-szczecinski","category-wydzial-nauk-ekonomicznych-i-zarzadzania","tag-dr-marika-pirveli","tag-stare-miasto","subpage_bus-sylwetki","subpage_bus-zycie-spoleczne"],"_links":{"self":[{"href":"https:\/\/historiaus.usz.edu.pl\/index.php?rest_route=\/wp\/v2\/posts\/6628","targetHints":{"allow":["GET"]}}],"collection":[{"href":"https:\/\/historiaus.usz.edu.pl\/index.php?rest_route=\/wp\/v2\/posts"}],"about":[{"href":"https:\/\/historiaus.usz.edu.pl\/index.php?rest_route=\/wp\/v2\/types\/post"}],"author":[{"embeddable":true,"href":"https:\/\/historiaus.usz.edu.pl\/index.php?rest_route=\/wp\/v2\/users\/5"}],"replies":[{"embeddable":true,"href":"https:\/\/historiaus.usz.edu.pl\/index.php?rest_route=%2Fwp%2Fv2%2Fcomments&post=6628"}],"version-history":[{"count":2,"href":"https:\/\/historiaus.usz.edu.pl\/index.php?rest_route=\/wp\/v2\/posts\/6628\/revisions"}],"predecessor-version":[{"id":6913,"href":"https:\/\/historiaus.usz.edu.pl\/index.php?rest_route=\/wp\/v2\/posts\/6628\/revisions\/6913"}],"wp:attachment":[{"href":"https:\/\/historiaus.usz.edu.pl\/index.php?rest_route=%2Fwp%2Fv2%2Fmedia&parent=6628"}],"wp:term":[{"taxonomy":"category","embeddable":true,"href":"https:\/\/historiaus.usz.edu.pl\/index.php?rest_route=%2Fwp%2Fv2%2Fcategories&post=6628"},{"taxonomy":"post_tag","embeddable":true,"href":"https:\/\/historiaus.usz.edu.pl\/index.php?rest_route=%2Fwp%2Fv2%2Ftags&post=6628"},{"taxonomy":"subpage_bus","embeddable":true,"href":"https:\/\/historiaus.usz.edu.pl\/index.php?rest_route=%2Fwp%2Fv2%2Fsubpage_bus&post=6628"}],"curies":[{"name":"wp","href":"https:\/\/api.w.org\/{rel}","templated":true}]}}