{"id":7514,"date":"2016-08-09T10:43:17","date_gmt":"2016-08-09T08:43:17","guid":{"rendered":"https:\/\/historiaus.usz.edu.pl\/?p=7514"},"modified":"2016-08-09T10:43:17","modified_gmt":"2016-08-09T08:43:17","slug":"wreczenie-nagrod-wojewodzkich-w-dziedzinie-nauki-i-kultury","status":"publish","type":"post","link":"https:\/\/historiaus.usz.edu.pl\/?p=7514","title":{"rendered":"Wr\u0119czenie nagr\u00f3d wojew\u00f3dzkich w dziedzinie nauki i kultury"},"content":{"rendered":"<p><a href=\"https:\/\/historiaus.usz.edu.pl\/wp-content\/uploads\/2016\/08\/gs-26.04.89-1.jpg\" rel=\"attachment wp-att-7515\"><img loading=\"lazy\" decoding=\"async\" class=\"alignnone size-medium wp-image-7515\" src=\"https:\/\/historiaus.usz.edu.pl\/wp-content\/uploads\/2016\/08\/gs-26.04.89-1-146x300.jpg\" alt=\"gs 26.04.89 1\" width=\"146\" height=\"300\" srcset=\"https:\/\/historiaus.usz.edu.pl\/wp-content\/uploads\/2016\/08\/gs-26.04.89-1-146x300.jpg 146w, https:\/\/historiaus.usz.edu.pl\/wp-content\/uploads\/2016\/08\/gs-26.04.89-1-768x1580.jpg 768w, https:\/\/historiaus.usz.edu.pl\/wp-content\/uploads\/2016\/08\/gs-26.04.89-1.jpg 1331w\" sizes=\"auto, (max-width: 146px) 100vw, 146px\" \/><\/a><a href=\"https:\/\/historiaus.usz.edu.pl\/wp-content\/uploads\/2016\/08\/gs-26.04.89-2.jpg\" rel=\"attachment wp-att-7516\"><img loading=\"lazy\" decoding=\"async\" class=\"alignnone  wp-image-7516\" src=\"https:\/\/historiaus.usz.edu.pl\/wp-content\/uploads\/2016\/08\/gs-26.04.89-2-216x300.jpg\" alt=\"gs 26.04.89 2\" width=\"148\" height=\"206\" srcset=\"https:\/\/historiaus.usz.edu.pl\/wp-content\/uploads\/2016\/08\/gs-26.04.89-2-216x300.jpg 216w, https:\/\/historiaus.usz.edu.pl\/wp-content\/uploads\/2016\/08\/gs-26.04.89-2-768x1068.jpg 768w, https:\/\/historiaus.usz.edu.pl\/wp-content\/uploads\/2016\/08\/gs-26.04.89-2.jpg 1307w\" sizes=\"auto, (max-width: 148px) 100vw, 148px\" \/><\/a><\/p>\n","protected":false},"excerpt":{"rendered":"","protected":false},"author":5,"featured_media":0,"comment_status":"closed","ping_status":"closed","sticky":false,"template":"","format":"standard","meta":{"footnotes":""},"categories":[1484],"tags":[1742,1501,3098,3097,3099,1505,1912],"subpage_bus":[241,60,47,51,86,56],"class_list":["post-7514","post","type-post","status-publish","format-standard","hentry","category-uniwersytet-szczecinski","tag-chor-akademicki-uniwersytetu-szczecinskiego","tag-doc-dr-hab-edward-homa","tag-dr-aleksandra-belchmerowska","tag-dr-miroslawa-bialoskorska","tag-dr-remislaw-wojcik","tag-nagrody","tag-prof-dr-hab-tadeusz-bialecki","subpage_bus-kalendarium","subpage_bus-kultura","subpage_bus-nauka","subpage_bus-nominacje-nagrody","subpage_bus-sylwetki","subpage_bus-zycie-spoleczne"],"_links":{"self":[{"href":"https:\/\/historiaus.usz.edu.pl\/index.php?rest_route=\/wp\/v2\/posts\/7514","targetHints":{"allow":["GET"]}}],"collection":[{"href":"https:\/\/historiaus.usz.edu.pl\/index.php?rest_route=\/wp\/v2\/posts"}],"about":[{"href":"https:\/\/historiaus.usz.edu.pl\/index.php?rest_route=\/wp\/v2\/types\/post"}],"author":[{"embeddable":true,"href":"https:\/\/historiaus.usz.edu.pl\/index.php?rest_route=\/wp\/v2\/users\/5"}],"replies":[{"embeddable":true,"href":"https:\/\/historiaus.usz.edu.pl\/index.php?rest_route=%2Fwp%2Fv2%2Fcomments&post=7514"}],"version-history":[{"count":1,"href":"https:\/\/historiaus.usz.edu.pl\/index.php?rest_route=\/wp\/v2\/posts\/7514\/revisions"}],"predecessor-version":[{"id":7517,"href":"https:\/\/historiaus.usz.edu.pl\/index.php?rest_route=\/wp\/v2\/posts\/7514\/revisions\/7517"}],"wp:attachment":[{"href":"https:\/\/historiaus.usz.edu.pl\/index.php?rest_route=%2Fwp%2Fv2%2Fmedia&parent=7514"}],"wp:term":[{"taxonomy":"category","embeddable":true,"href":"https:\/\/historiaus.usz.edu.pl\/index.php?rest_route=%2Fwp%2Fv2%2Fcategories&post=7514"},{"taxonomy":"post_tag","embeddable":true,"href":"https:\/\/historiaus.usz.edu.pl\/index.php?rest_route=%2Fwp%2Fv2%2Ftags&post=7514"},{"taxonomy":"subpage_bus","embeddable":true,"href":"https:\/\/historiaus.usz.edu.pl\/index.php?rest_route=%2Fwp%2Fv2%2Fsubpage_bus&post=7514"}],"curies":[{"name":"wp","href":"https:\/\/api.w.org\/{rel}","templated":true}]}}