{"id":7757,"date":"2016-08-24T09:02:26","date_gmt":"2016-08-24T07:02:26","guid":{"rendered":"https:\/\/historiaus.usz.edu.pl\/?p=7757"},"modified":"2016-08-24T09:02:26","modified_gmt":"2016-08-24T07:02:26","slug":"ksztalt-i-wartosc-niepodleglosci","status":"publish","type":"post","link":"https:\/\/historiaus.usz.edu.pl\/?p=7757","title":{"rendered":"Kszta\u0142t i warto\u015b\u0107 niepodleg\u0142o\u015bci"},"content":{"rendered":"<p><a href=\"https:\/\/historiaus.usz.edu.pl\/wp-content\/uploads\/2016\/08\/gazetalubuska-5-6.11.88.jpg\" rel=\"attachment wp-att-7758\"><img loading=\"lazy\" decoding=\"async\" class=\"alignnone size-medium wp-image-7758\" src=\"https:\/\/historiaus.usz.edu.pl\/wp-content\/uploads\/2016\/08\/gazetalubuska-5-6.11.88-199x300.jpg\" alt=\"gazetalubuska 5-6.11.88\" width=\"199\" height=\"300\" srcset=\"https:\/\/historiaus.usz.edu.pl\/wp-content\/uploads\/2016\/08\/gazetalubuska-5-6.11.88-199x300.jpg 199w, https:\/\/historiaus.usz.edu.pl\/wp-content\/uploads\/2016\/08\/gazetalubuska-5-6.11.88-768x1155.jpg 768w, https:\/\/historiaus.usz.edu.pl\/wp-content\/uploads\/2016\/08\/gazetalubuska-5-6.11.88.jpg 1069w\" sizes=\"auto, (max-width: 199px) 100vw, 199px\" \/><\/a><\/p>\n","protected":false},"excerpt":{"rendered":"","protected":false},"author":5,"featured_media":0,"comment_status":"closed","ping_status":"closed","sticky":false,"template":"","format":"standard","meta":{"footnotes":""},"categories":[482,70,3206],"tags":[3207,139,2271,2272],"subpage_bus":[49,48,47,50,86,56],"class_list":["post-7757","post","type-post","status-publish","format-standard","hentry","category-instytut-historii","category-wydzial-humanistyczny","category-zaklad-historii-polski-i-powszechnej-xix-wieku","tag-doc-dr-hab-janusz-farys","tag-historia","tag-niepodleglosc","tag-polska","subpage_bus-dzialalnosc-naukowa-i-dydaktyczna","subpage_bus-konferencje-sympozja-zjazdy","subpage_bus-nauka","subpage_bus-publikacje-wyklady-pracownikow-wypowiedzi-opinie-polemiki-udzial-w-imprezach","subpage_bus-sylwetki","subpage_bus-zycie-spoleczne"],"_links":{"self":[{"href":"https:\/\/historiaus.usz.edu.pl\/index.php?rest_route=\/wp\/v2\/posts\/7757","targetHints":{"allow":["GET"]}}],"collection":[{"href":"https:\/\/historiaus.usz.edu.pl\/index.php?rest_route=\/wp\/v2\/posts"}],"about":[{"href":"https:\/\/historiaus.usz.edu.pl\/index.php?rest_route=\/wp\/v2\/types\/post"}],"author":[{"embeddable":true,"href":"https:\/\/historiaus.usz.edu.pl\/index.php?rest_route=\/wp\/v2\/users\/5"}],"replies":[{"embeddable":true,"href":"https:\/\/historiaus.usz.edu.pl\/index.php?rest_route=%2Fwp%2Fv2%2Fcomments&post=7757"}],"version-history":[{"count":1,"href":"https:\/\/historiaus.usz.edu.pl\/index.php?rest_route=\/wp\/v2\/posts\/7757\/revisions"}],"predecessor-version":[{"id":7759,"href":"https:\/\/historiaus.usz.edu.pl\/index.php?rest_route=\/wp\/v2\/posts\/7757\/revisions\/7759"}],"wp:attachment":[{"href":"https:\/\/historiaus.usz.edu.pl\/index.php?rest_route=%2Fwp%2Fv2%2Fmedia&parent=7757"}],"wp:term":[{"taxonomy":"category","embeddable":true,"href":"https:\/\/historiaus.usz.edu.pl\/index.php?rest_route=%2Fwp%2Fv2%2Fcategories&post=7757"},{"taxonomy":"post_tag","embeddable":true,"href":"https:\/\/historiaus.usz.edu.pl\/index.php?rest_route=%2Fwp%2Fv2%2Ftags&post=7757"},{"taxonomy":"subpage_bus","embeddable":true,"href":"https:\/\/historiaus.usz.edu.pl\/index.php?rest_route=%2Fwp%2Fv2%2Fsubpage_bus&post=7757"}],"curies":[{"name":"wp","href":"https:\/\/api.w.org\/{rel}","templated":true}]}}