{"id":7888,"date":"2016-08-26T12:49:01","date_gmt":"2016-08-26T10:49:01","guid":{"rendered":"https:\/\/historiaus.usz.edu.pl\/?p=7888"},"modified":"2016-08-26T12:49:01","modified_gmt":"2016-08-26T10:49:01","slug":"osla-lawka-poetow","status":"publish","type":"post","link":"https:\/\/historiaus.usz.edu.pl\/?p=7888","title":{"rendered":"O\u015bla \u0142awka poet\u00f3w"},"content":{"rendered":"<p><a href=\"https:\/\/historiaus.usz.edu.pl\/wp-content\/uploads\/2016\/08\/ks-18.01.11.jpg\" rel=\"attachment wp-att-7889\"><img loading=\"lazy\" decoding=\"async\" class=\"alignnone size-medium wp-image-7889\" src=\"https:\/\/historiaus.usz.edu.pl\/wp-content\/uploads\/2016\/08\/ks-18.01.11-330x300.jpg\" alt=\"ks 18.01.11\" width=\"330\" height=\"300\" srcset=\"https:\/\/historiaus.usz.edu.pl\/wp-content\/uploads\/2016\/08\/ks-18.01.11-330x300.jpg 330w, https:\/\/historiaus.usz.edu.pl\/wp-content\/uploads\/2016\/08\/ks-18.01.11-768x697.jpg 768w, https:\/\/historiaus.usz.edu.pl\/wp-content\/uploads\/2016\/08\/ks-18.01.11.jpg 1906w\" sizes=\"auto, (max-width: 330px) 100vw, 330px\" \/><\/a><\/p>\n","protected":false},"excerpt":{"rendered":"","protected":false},"author":5,"featured_media":0,"comment_status":"closed","ping_status":"closed","sticky":false,"template":"","format":"standard","meta":{"footnotes":""},"categories":[411,410,1276],"tags":[1840,3233,1345,3234],"subpage_bus":[47,50,86],"class_list":["post-7888","post","type-post","status-publish","format-standard","hentry","category-instytut-polonistyki-i-kulturoznawstwa","category-wydzial-filologiczny","category-zaklad-teorii-i-antropologii-literatury-1","tag-dr-hab-piotr-michalowski","tag-poeci","tag-pogranicza","tag-warsztaty-literackie","subpage_bus-nauka","subpage_bus-publikacje-wyklady-pracownikow-wypowiedzi-opinie-polemiki-udzial-w-imprezach","subpage_bus-sylwetki"],"_links":{"self":[{"href":"https:\/\/historiaus.usz.edu.pl\/index.php?rest_route=\/wp\/v2\/posts\/7888","targetHints":{"allow":["GET"]}}],"collection":[{"href":"https:\/\/historiaus.usz.edu.pl\/index.php?rest_route=\/wp\/v2\/posts"}],"about":[{"href":"https:\/\/historiaus.usz.edu.pl\/index.php?rest_route=\/wp\/v2\/types\/post"}],"author":[{"embeddable":true,"href":"https:\/\/historiaus.usz.edu.pl\/index.php?rest_route=\/wp\/v2\/users\/5"}],"replies":[{"embeddable":true,"href":"https:\/\/historiaus.usz.edu.pl\/index.php?rest_route=%2Fwp%2Fv2%2Fcomments&post=7888"}],"version-history":[{"count":1,"href":"https:\/\/historiaus.usz.edu.pl\/index.php?rest_route=\/wp\/v2\/posts\/7888\/revisions"}],"predecessor-version":[{"id":7890,"href":"https:\/\/historiaus.usz.edu.pl\/index.php?rest_route=\/wp\/v2\/posts\/7888\/revisions\/7890"}],"wp:attachment":[{"href":"https:\/\/historiaus.usz.edu.pl\/index.php?rest_route=%2Fwp%2Fv2%2Fmedia&parent=7888"}],"wp:term":[{"taxonomy":"category","embeddable":true,"href":"https:\/\/historiaus.usz.edu.pl\/index.php?rest_route=%2Fwp%2Fv2%2Fcategories&post=7888"},{"taxonomy":"post_tag","embeddable":true,"href":"https:\/\/historiaus.usz.edu.pl\/index.php?rest_route=%2Fwp%2Fv2%2Ftags&post=7888"},{"taxonomy":"subpage_bus","embeddable":true,"href":"https:\/\/historiaus.usz.edu.pl\/index.php?rest_route=%2Fwp%2Fv2%2Fsubpage_bus&post=7888"}],"curies":[{"name":"wp","href":"https:\/\/api.w.org\/{rel}","templated":true}]}}