{"id":8282,"date":"2017-04-03T09:12:08","date_gmt":"2017-04-03T07:12:08","guid":{"rendered":"https:\/\/historiaus.usz.edu.pl\/?p=8282"},"modified":"2017-04-03T09:12:08","modified_gmt":"2017-04-03T07:12:08","slug":"slowiki-wyjechaly-do-wloch-chor-uniwersytetu-szczecinskiego-do-rfn-i-hiszpanii","status":"publish","type":"post","link":"https:\/\/historiaus.usz.edu.pl\/?p=8282","title":{"rendered":"&#8222;S\u0142owiki&#8221; wyjecha\u0142y do W\u0142och \/ Ch\u00f3r Uniwersytetu Szczeci\u0144skiego do RFN i Hiszpanii"},"content":{"rendered":"<p><a href=\"https:\/\/historiaus.usz.edu.pl\/wp-content\/uploads\/2017\/04\/gs-20.08.87.jpg\" rel=\"attachment wp-att-8283\"><img loading=\"lazy\" decoding=\"async\" class=\"alignnone size-medium wp-image-8283\" src=\"https:\/\/historiaus.usz.edu.pl\/wp-content\/uploads\/2017\/04\/gs-20.08.87-169x300.jpg\" alt=\"gs 20.08.87\" width=\"169\" height=\"300\" srcset=\"https:\/\/historiaus.usz.edu.pl\/wp-content\/uploads\/2017\/04\/gs-20.08.87-169x300.jpg 169w, https:\/\/historiaus.usz.edu.pl\/wp-content\/uploads\/2017\/04\/gs-20.08.87.jpg 688w\" sizes=\"auto, (max-width: 169px) 100vw, 169px\" \/><\/a><\/p>\n","protected":false},"excerpt":{"rendered":"","protected":false},"author":5,"featured_media":0,"comment_status":"closed","ping_status":"closed","sticky":false,"template":"","format":"standard","meta":{"footnotes":""},"categories":[1484],"tags":[1742,3338],"subpage_bus":[60,56,1974],"class_list":["post-8282","post","type-post","status-publish","format-standard","hentry","category-uniwersytet-szczecinski","tag-chor-akademicki-uniwersytetu-szczecinskiego","tag-chor-chlopiecy-slowiki","subpage_bus-kultura","subpage_bus-zycie-spoleczne","subpage_bus-zycie-studenckie"],"_links":{"self":[{"href":"https:\/\/historiaus.usz.edu.pl\/index.php?rest_route=\/wp\/v2\/posts\/8282","targetHints":{"allow":["GET"]}}],"collection":[{"href":"https:\/\/historiaus.usz.edu.pl\/index.php?rest_route=\/wp\/v2\/posts"}],"about":[{"href":"https:\/\/historiaus.usz.edu.pl\/index.php?rest_route=\/wp\/v2\/types\/post"}],"author":[{"embeddable":true,"href":"https:\/\/historiaus.usz.edu.pl\/index.php?rest_route=\/wp\/v2\/users\/5"}],"replies":[{"embeddable":true,"href":"https:\/\/historiaus.usz.edu.pl\/index.php?rest_route=%2Fwp%2Fv2%2Fcomments&post=8282"}],"version-history":[{"count":1,"href":"https:\/\/historiaus.usz.edu.pl\/index.php?rest_route=\/wp\/v2\/posts\/8282\/revisions"}],"predecessor-version":[{"id":8284,"href":"https:\/\/historiaus.usz.edu.pl\/index.php?rest_route=\/wp\/v2\/posts\/8282\/revisions\/8284"}],"wp:attachment":[{"href":"https:\/\/historiaus.usz.edu.pl\/index.php?rest_route=%2Fwp%2Fv2%2Fmedia&parent=8282"}],"wp:term":[{"taxonomy":"category","embeddable":true,"href":"https:\/\/historiaus.usz.edu.pl\/index.php?rest_route=%2Fwp%2Fv2%2Fcategories&post=8282"},{"taxonomy":"post_tag","embeddable":true,"href":"https:\/\/historiaus.usz.edu.pl\/index.php?rest_route=%2Fwp%2Fv2%2Ftags&post=8282"},{"taxonomy":"subpage_bus","embeddable":true,"href":"https:\/\/historiaus.usz.edu.pl\/index.php?rest_route=%2Fwp%2Fv2%2Fsubpage_bus&post=8282"}],"curies":[{"name":"wp","href":"https:\/\/api.w.org\/{rel}","templated":true}]}}