{"id":8531,"date":"2017-04-18T12:53:38","date_gmt":"2017-04-18T10:53:38","guid":{"rendered":"https:\/\/historiaus.usz.edu.pl\/?p=8531"},"modified":"2017-04-18T12:53:38","modified_gmt":"2017-04-18T10:53:38","slug":"jezykoznawcy-w-swinoujsciu","status":"publish","type":"post","link":"https:\/\/historiaus.usz.edu.pl\/?p=8531","title":{"rendered":"J\u0119zykoznawcy w \u015awinouj\u015bciu"},"content":{"rendered":"<p><a href=\"https:\/\/historiaus.usz.edu.pl\/wp-content\/uploads\/2017\/04\/gs-24.09.87.jpg\" rel=\"attachment wp-att-8532\"><img loading=\"lazy\" decoding=\"async\" class=\"alignnone size-medium wp-image-8532\" src=\"https:\/\/historiaus.usz.edu.pl\/wp-content\/uploads\/2017\/04\/gs-24.09.87-142x300.jpg\" alt=\"gs 24.09.87\" width=\"142\" height=\"300\" srcset=\"https:\/\/historiaus.usz.edu.pl\/wp-content\/uploads\/2017\/04\/gs-24.09.87-142x300.jpg 142w, https:\/\/historiaus.usz.edu.pl\/wp-content\/uploads\/2017\/04\/gs-24.09.87-768x1619.jpg 768w, https:\/\/historiaus.usz.edu.pl\/wp-content\/uploads\/2017\/04\/gs-24.09.87.jpg 1326w\" sizes=\"auto, (max-width: 142px) 100vw, 142px\" \/><\/a><\/p>\n","protected":false},"excerpt":{"rendered":"","protected":false},"author":5,"featured_media":0,"comment_status":"closed","ping_status":"closed","sticky":false,"template":"","format":"standard","meta":{"footnotes":""},"categories":[1484],"tags":[3443,3302,3256,3444,3442],"subpage_bus":[49,48,47,86],"class_list":["post-8531","post","type-post","status-publish","format-standard","hentry","category-uniwersytet-szczecinski","tag-dr-aleksandra-belchnerowska","tag-dr-kazimierz-dlugosz","tag-jezykoznawstwo","tag-mgr-grazyna-sawicka","tag-vi-krajowa-konferencja-onomastyczna","subpage_bus-dzialalnosc-naukowa-i-dydaktyczna","subpage_bus-konferencje-sympozja-zjazdy","subpage_bus-nauka","subpage_bus-sylwetki"],"_links":{"self":[{"href":"https:\/\/historiaus.usz.edu.pl\/index.php?rest_route=\/wp\/v2\/posts\/8531","targetHints":{"allow":["GET"]}}],"collection":[{"href":"https:\/\/historiaus.usz.edu.pl\/index.php?rest_route=\/wp\/v2\/posts"}],"about":[{"href":"https:\/\/historiaus.usz.edu.pl\/index.php?rest_route=\/wp\/v2\/types\/post"}],"author":[{"embeddable":true,"href":"https:\/\/historiaus.usz.edu.pl\/index.php?rest_route=\/wp\/v2\/users\/5"}],"replies":[{"embeddable":true,"href":"https:\/\/historiaus.usz.edu.pl\/index.php?rest_route=%2Fwp%2Fv2%2Fcomments&post=8531"}],"version-history":[{"count":1,"href":"https:\/\/historiaus.usz.edu.pl\/index.php?rest_route=\/wp\/v2\/posts\/8531\/revisions"}],"predecessor-version":[{"id":8533,"href":"https:\/\/historiaus.usz.edu.pl\/index.php?rest_route=\/wp\/v2\/posts\/8531\/revisions\/8533"}],"wp:attachment":[{"href":"https:\/\/historiaus.usz.edu.pl\/index.php?rest_route=%2Fwp%2Fv2%2Fmedia&parent=8531"}],"wp:term":[{"taxonomy":"category","embeddable":true,"href":"https:\/\/historiaus.usz.edu.pl\/index.php?rest_route=%2Fwp%2Fv2%2Fcategories&post=8531"},{"taxonomy":"post_tag","embeddable":true,"href":"https:\/\/historiaus.usz.edu.pl\/index.php?rest_route=%2Fwp%2Fv2%2Ftags&post=8531"},{"taxonomy":"subpage_bus","embeddable":true,"href":"https:\/\/historiaus.usz.edu.pl\/index.php?rest_route=%2Fwp%2Fv2%2Fsubpage_bus&post=8531"}],"curies":[{"name":"wp","href":"https:\/\/api.w.org\/{rel}","templated":true}]}}