{"id":1645,"count":1,"description":"","link":"https:\/\/historiaus.usz.edu.pl\/?tag=czlowiek-i-swiat-w-jezyku-subkultur","name":"\"Cz\u0142owiek i \u015bwiat w j\u0119zyku subkultur\"","slug":"czlowiek-i-swiat-w-jezyku-subkultur","taxonomy":"post_tag","meta":[],"_links":{"self":[{"href":"https:\/\/historiaus.usz.edu.pl\/index.php?rest_route=\/wp\/v2\/tags\/1645","targetHints":{"allow":["GET"]}}],"collection":[{"href":"https:\/\/historiaus.usz.edu.pl\/index.php?rest_route=\/wp\/v2\/tags"}],"about":[{"href":"https:\/\/historiaus.usz.edu.pl\/index.php?rest_route=\/wp\/v2\/taxonomies\/post_tag"}],"wp:post_type":[{"href":"https:\/\/historiaus.usz.edu.pl\/index.php?rest_route=%2Fwp%2Fv2%2Fposts&tags=1645"}],"curies":[{"name":"wp","href":"https:\/\/api.w.org\/{rel}","templated":true}]}}